{"id":33208,"date":"2025-04-26T09:48:38","date_gmt":"2025-04-26T02:48:38","guid":{"rendered":"https:\/\/mayshow.vn\/?p=33208"},"modified":"2025-04-26T09:49:15","modified_gmt":"2025-04-26T02:49:15","slug":"han-hanh-cong-bo-nha-tai-tro-dong-cua-non-la-vietnam-festival-celano","status":"publish","type":"post","link":"https:\/\/mayshow.vn\/vi\/han-hanh-cong-bo-nha-tai-tro-dong-cua-non-la-vietnam-festival-celano\/","title":{"rendered":"H\u00c2N H\u1ea0NH C\u00d4NG B\u1ed0 NH\u00c0 T\u00c0I TR\u1ee2 \u0110\u1ed2NG C\u1ee6A N\u00d3N L\u00c1 &#8211; VIETNAM FESTIVAL: CELANO"},"content":{"rendered":"\t\t<div data-elementor-type=\"wp-post\" data-elementor-id=\"33208\" class=\"elementor elementor-33208\">\n\t\t\t\t\t\t<section class=\"elementor-section elementor-top-section elementor-element elementor-element-79b4160 elementor-section-boxed elementor-section-height-default elementor-section-height-default\" data-id=\"79b4160\" data-element_type=\"section\">\n\t\t\t\t\t\t<div class=\"elementor-container elementor-column-gap-default\">\n\t\t\t\t\t<div class=\"elementor-column elementor-col-100 elementor-top-column elementor-element elementor-element-df2defb\" data-id=\"df2defb\" data-element_type=\"column\">\n\t\t\t<div class=\"elementor-widget-wrap elementor-element-populated\">\n\t\t\t\t\t\t<div class=\"elementor-element elementor-element-26afb62 elementor-widget elementor-widget-text-editor\" data-id=\"26afb62\" data-element_type=\"widget\" data-widget_type=\"text-editor.default\">\n\t\t\t\t<div class=\"elementor-widget-container\">\n\t\t\t\t\t\t\t\t\t<span>N\u00f3n L\u00e1 &#8211; Vietnam Festival vinh d\u1ef1 \u0111\u01b0\u1ee3c \u0111\u1ed3ng h\u00e0nh c\u00f9ng Celano trong h\u00e0nh tr\u00ecnh t\u1ea1o d\u1ef1ng m\u1ed9t kh\u00f4ng gian v\u0103n h\u00f3a &#8211; ngh\u1ec7 thu\u1eadt s\u1ed1ng \u0111\u1ed9ng, \u0111\u1eadm \u0111\u00e0 b\u1ea3n s\u1eafc Vi\u1ec7t.\n<br\/><br\/>\n<\/span>\n<img fetchpriority=\"high\" decoding=\"async\" class=\"size-full wp-image-33211 aligncenter\" src=\"https:\/\/mayshow.vn\/wp-content\/uploads\/2025\/04\/z6542983201737_68cd8697c2a18c3228f75db8056ec96d.jpg\" alt=\"nh\u00e0 t\u00e0i tr\u1ee3 Celano\" width=\"1200\" height=\"1200\" srcset=\"https:\/\/mayshow.vn\/wp-content\/uploads\/2025\/04\/z6542983201737_68cd8697c2a18c3228f75db8056ec96d.jpg 1980w, https:\/\/mayshow.vn\/wp-content\/uploads\/2025\/04\/z6542983201737_68cd8697c2a18c3228f75db8056ec96d-1536x1536.jpg 1536w, https:\/\/mayshow.vn\/wp-content\/uploads\/2025\/04\/z6542983201737_68cd8697c2a18c3228f75db8056ec96d-12x12.jpg 12w, https:\/\/mayshow.vn\/wp-content\/uploads\/2025\/04\/z6542983201737_68cd8697c2a18c3228f75db8056ec96d-150x150.jpg 150w, https:\/\/mayshow.vn\/wp-content\/uploads\/2025\/04\/z6542983201737_68cd8697c2a18c3228f75db8056ec96d-710x710.jpg 710w\" sizes=\"(max-width: 1200px) 100vw, 1200px\" \/>\n<span>\n<br\/>\nCelano l\u00e0 th\u01b0\u01a1ng hi\u1ec7u kem cao c\u1ea5p n\u1ed5i ti\u1ebfng t\u1ea1i Vi\u1ec7t Nam, thu\u1ed9c s\u1edf h\u1eefu c\u1ee7a C\u00f4ng ty C\u1ed5 ph\u1ea7n Th\u1ef1c ph\u1ea9m \u0110\u00f4ng l\u1ea1nh Kido (Kido Foods). \u0110\u01b0\u1ee3c bi\u1ebft \u0111\u1ebfn v\u1edbi c\u00e1c s\u1ea3n ph\u1ea9m kem ch\u1ea5t l\u01b0\u1ee3ng, h\u01b0\u01a1ng v\u1ecb phong ph\u00fa v\u00e0 bao b\u00ec ti\u1ec7n d\u1ee5ng, Celano \u0111\u00e3 chi\u1ebfm \u0111\u01b0\u1ee3c c\u1ea3m t\u00ecnh c\u1ee7a nhi\u1ec1u ng\u01b0\u1eddi ti\u00eau d\u00f9ng trong n\u01b0\u1edbc.\n<br\/>\nCelano \u2013 Di\u1ec7n m\u1ea1o m\u1edbi, tr\u1ea3i nghi\u1ec7m m\u1edbi, s\u1eb5n s\u00e0ng \u0111\u1ed3ng h\u00e0nh c\u00f9ng gi\u1edbi tr\u1ebb kh\u00e1m ph\u00e1 t\u1eebng gam m\u00e0u r\u1ef1c r\u1ee1 c\u1ee7a v\u0103n h\u00f3a Vi\u1ec7t. H\u00e3y c\u00f9ng Celano th\u1ed5i b\u1eebng \u0111am m\u00ea, lan t\u1ecfa c\u00e1 t\u00ednh v\u00e0 kh\u01a1i d\u1eady ni\u1ec1m t\u1ef1 h\u00e0o d\u00e2n t\u1ed9c qua m\u1ed7i h\u00e0nh tr\u00ecnh N\u00f3n L\u00e1 Vi\u1ec7t Nam!\n<br\/>\n&#8212;&#8212;&#8212;&#8212;&#8212;&#8212;&#8212;&#8212;&#8211;\n<br\/>\nN\u00d3N L\u00c1 &#8211; VIETNAM FESTIVAL\n<br\/>\n\u23f0 Th\u1eddi gian: 30\/04 &#8211; 03\/05\/2025\n<br\/>\n\ud83d\udccd \u0110\u1ecba \u0111i\u1ec3m: Khu du l\u1ecbch Tam C\u1ed1c &#8211; B\u00edch \u0110\u1ed9ng, Ninh B\u00ecnh v\u00e0 Khu du l\u1ecbch Tam Ch\u00fac, H\u00e0 Nam.\n<br\/>\n\ud83d\udcde Hotline: 08 1800 0389\n\n<\/span>\t\t\t\t\t\t\t\t<\/div>\n\t\t\t\t<\/div>\n\t\t\t\t\t<\/div>\n\t\t<\/div>\n\t\t\t\t\t<\/div>\n\t\t<\/section>\n\t\t\t\t<\/div>\n\t\t","protected":false},"excerpt":{"rendered":"<p>N\u00f3n L\u00e1 &#8211; Vietnam Festival vinh d\u1ef1 \u0111\u01b0\u1ee3c \u0111\u1ed3ng h\u00e0nh c\u00f9ng Celano trong h\u00e0nh tr\u00ecnh t\u1ea1o d\u1ef1ng m\u1ed9t kh\u00f4ng gian v\u0103n h\u00f3a &#8211; ngh\u1ec7 thu\u1eadt s\u1ed1ng \u0111\u1ed9ng, \u0111\u1eadm \u0111\u00e0 b\u1ea3n s\u1eafc Vi\u1ec7t. Celano l\u00e0 th\u01b0\u01a1ng hi\u1ec7u kem cao c\u1ea5p n\u1ed5i ti\u1ebfng t\u1ea1i Vi\u1ec7t Nam, thu\u1ed9c s\u1edf h\u1eefu c\u1ee7a C\u00f4ng ty C\u1ed5 ph\u1ea7n Th\u1ef1c ph\u1ea9m \u0110\u00f4ng [&hellip;]<\/p>\n","protected":false},"author":1231,"featured_media":33210,"comment_status":"closed","ping_status":"closed","sticky":false,"template":"","format":"standard","meta":{"footnotes":""},"categories":[1],"tags":[],"class_list":["post-33208","post","type-post","status-publish","format-standard","has-post-thumbnail","hentry","category-mayshow"],"yoast_head":"<!-- This site is optimized with the Yoast SEO plugin v24.7 - https:\/\/yoast.com\/wordpress\/plugins\/seo\/ -->\n<title>H\u00c2N H\u1ea0NH C\u00d4NG B\u1ed0 NH\u00c0 T\u00c0I TR\u1ee2 \u0110\u1ed2NG C\u1ee6A N\u00d3N L\u00c1 - VIETNAM FESTIVAL: CELANO - MAY Heritage<\/title>\n<meta name=\"robots\" content=\"index, follow, max-snippet:-1, max-image-preview:large, max-video-preview:-1\" \/>\n<link rel=\"canonical\" href=\"https:\/\/mayshow.vn\/vi\/han-hanh-cong-bo-nha-tai-tro-dong-cua-non-la-vietnam-festival-celano\/\" \/>\n<meta property=\"og:locale\" content=\"vi_VN\" \/>\n<meta property=\"og:type\" content=\"article\" \/>\n<meta property=\"og:title\" content=\"H\u00c2N H\u1ea0NH C\u00d4NG B\u1ed0 NH\u00c0 T\u00c0I TR\u1ee2 \u0110\u1ed2NG C\u1ee6A N\u00d3N L\u00c1 - VIETNAM FESTIVAL: CELANO - MAY Heritage\" \/>\n<meta property=\"og:description\" content=\"N\u00f3n L\u00e1 &#8211; Vietnam Festival vinh d\u1ef1 \u0111\u01b0\u1ee3c \u0111\u1ed3ng h\u00e0nh c\u00f9ng Celano trong h\u00e0nh tr\u00ecnh t\u1ea1o d\u1ef1ng m\u1ed9t kh\u00f4ng gian v\u0103n h\u00f3a &#8211; ngh\u1ec7 thu\u1eadt s\u1ed1ng \u0111\u1ed9ng, \u0111\u1eadm \u0111\u00e0 b\u1ea3n s\u1eafc Vi\u1ec7t. Celano l\u00e0 th\u01b0\u01a1ng hi\u1ec7u kem cao c\u1ea5p n\u1ed5i ti\u1ebfng t\u1ea1i Vi\u1ec7t Nam, thu\u1ed9c s\u1edf h\u1eefu c\u1ee7a C\u00f4ng ty C\u1ed5 ph\u1ea7n Th\u1ef1c ph\u1ea9m \u0110\u00f4ng [&hellip;]\" \/>\n<meta property=\"og:url\" content=\"https:\/\/mayshow.vn\/vi\/han-hanh-cong-bo-nha-tai-tro-dong-cua-non-la-vietnam-festival-celano\/\" \/>\n<meta property=\"og:site_name\" content=\"MAY Heritage\" \/>\n<meta property=\"article:publisher\" content=\"https:\/\/www.facebook.com\/mayheritagevn\" \/>\n<meta property=\"article:published_time\" content=\"2025-04-26T02:48:38+00:00\" \/>\n<meta property=\"article:modified_time\" content=\"2025-04-26T02:49:15+00:00\" \/>\n<meta property=\"og:image\" content=\"https:\/\/mayshow.vn\/wp-content\/uploads\/2025\/04\/z6542982446092_39e7a88de5864603ffefc587a9b76271.jpg\" \/>\n\t<meta property=\"og:image:width\" content=\"1920\" \/>\n\t<meta property=\"og:image:height\" content=\"960\" \/>\n\t<meta property=\"og:image:type\" content=\"image\/jpeg\" \/>\n<meta name=\"author\" content=\"Tr\u1ea7n Quang Thi\u1ec7n\" \/>\n<meta name=\"twitter:card\" content=\"summary_large_image\" \/>\n<meta name=\"twitter:label1\" content=\"\u0110\u01b0\u1ee3c vi\u1ebft b\u1edfi\" \/>\n\t<meta name=\"twitter:data1\" content=\"Tr\u1ea7n Quang Thi\u1ec7n\" \/>\n\t<meta name=\"twitter:label2\" content=\"\u01af\u1edbc t\u00ednh th\u1eddi gian \u0111\u1ecdc\" \/>\n\t<meta name=\"twitter:data2\" content=\"2 ph\u00fat\" \/>\n<script type=\"application\/ld+json\" class=\"yoast-schema-graph\">{\"@context\":\"https:\/\/schema.org\",\"@graph\":[{\"@type\":\"Article\",\"@id\":\"https:\/\/mayshow.vn\/han-hanh-cong-bo-nha-tai-tro-dong-cua-non-la-vietnam-festival-celano\/#article\",\"isPartOf\":{\"@id\":\"https:\/\/mayshow.vn\/han-hanh-cong-bo-nha-tai-tro-dong-cua-non-la-vietnam-festival-celano\/\"},\"author\":{\"name\":\"Tr\u1ea7n Quang Thi\u1ec7n\",\"@id\":\"https:\/\/mayshow.vn\/#\/schema\/person\/b7d7305e85514a5556bd28059eb3a9e5\"},\"headline\":\"H\u00c2N H\u1ea0NH C\u00d4NG B\u1ed0 NH\u00c0 T\u00c0I TR\u1ee2 \u0110\u1ed2NG C\u1ee6A N\u00d3N L\u00c1 &#8211; VIETNAM FESTIVAL: CELANO\",\"datePublished\":\"2025-04-26T02:48:38+00:00\",\"dateModified\":\"2025-04-26T02:49:15+00:00\",\"mainEntityOfPage\":{\"@id\":\"https:\/\/mayshow.vn\/han-hanh-cong-bo-nha-tai-tro-dong-cua-non-la-vietnam-festival-celano\/\"},\"wordCount\":287,\"publisher\":{\"@id\":\"https:\/\/mayshow.vn\/#organization\"},\"image\":{\"@id\":\"https:\/\/mayshow.vn\/han-hanh-cong-bo-nha-tai-tro-dong-cua-non-la-vietnam-festival-celano\/#primaryimage\"},\"thumbnailUrl\":\"https:\/\/mayshow.vn\/wp-content\/uploads\/2025\/04\/z6542982446092_39e7a88de5864603ffefc587a9b76271.jpg\",\"articleSection\":[\"May Show\"],\"inLanguage\":\"vi\"},{\"@type\":\"WebPage\",\"@id\":\"https:\/\/mayshow.vn\/han-hanh-cong-bo-nha-tai-tro-dong-cua-non-la-vietnam-festival-celano\/\",\"url\":\"https:\/\/mayshow.vn\/han-hanh-cong-bo-nha-tai-tro-dong-cua-non-la-vietnam-festival-celano\/\",\"name\":\"H\u00c2N H\u1ea0NH C\u00d4NG B\u1ed0 NH\u00c0 T\u00c0I TR\u1ee2 \u0110\u1ed2NG C\u1ee6A N\u00d3N L\u00c1 - VIETNAM FESTIVAL: CELANO - MAY Heritage\",\"isPartOf\":{\"@id\":\"https:\/\/mayshow.vn\/#website\"},\"primaryImageOfPage\":{\"@id\":\"https:\/\/mayshow.vn\/han-hanh-cong-bo-nha-tai-tro-dong-cua-non-la-vietnam-festival-celano\/#primaryimage\"},\"image\":{\"@id\":\"https:\/\/mayshow.vn\/han-hanh-cong-bo-nha-tai-tro-dong-cua-non-la-vietnam-festival-celano\/#primaryimage\"},\"thumbnailUrl\":\"https:\/\/mayshow.vn\/wp-content\/uploads\/2025\/04\/z6542982446092_39e7a88de5864603ffefc587a9b76271.jpg\",\"datePublished\":\"2025-04-26T02:48:38+00:00\",\"dateModified\":\"2025-04-26T02:49:15+00:00\",\"breadcrumb\":{\"@id\":\"https:\/\/mayshow.vn\/han-hanh-cong-bo-nha-tai-tro-dong-cua-non-la-vietnam-festival-celano\/#breadcrumb\"},\"inLanguage\":\"vi\",\"potentialAction\":[{\"@type\":\"ReadAction\",\"target\":[\"https:\/\/mayshow.vn\/han-hanh-cong-bo-nha-tai-tro-dong-cua-non-la-vietnam-festival-celano\/\"]}]},{\"@type\":\"ImageObject\",\"inLanguage\":\"vi\",\"@id\":\"https:\/\/mayshow.vn\/han-hanh-cong-bo-nha-tai-tro-dong-cua-non-la-vietnam-festival-celano\/#primaryimage\",\"url\":\"https:\/\/mayshow.vn\/wp-content\/uploads\/2025\/04\/z6542982446092_39e7a88de5864603ffefc587a9b76271.jpg\",\"contentUrl\":\"https:\/\/mayshow.vn\/wp-content\/uploads\/2025\/04\/z6542982446092_39e7a88de5864603ffefc587a9b76271.jpg\",\"width\":1920,\"height\":960,\"caption\":\"banner t\u00e0i tr\u1ee3 Celano\"},{\"@type\":\"BreadcrumbList\",\"@id\":\"https:\/\/mayshow.vn\/han-hanh-cong-bo-nha-tai-tro-dong-cua-non-la-vietnam-festival-celano\/#breadcrumb\",\"itemListElement\":[{\"@type\":\"ListItem\",\"position\":1,\"name\":\"Trang ch\u1ee7\",\"item\":\"https:\/\/mayshow.vn\/\"},{\"@type\":\"ListItem\",\"position\":2,\"name\":\"H\u00c2N H\u1ea0NH C\u00d4NG B\u1ed0 NH\u00c0 T\u00c0I TR\u1ee2 \u0110\u1ed2NG C\u1ee6A N\u00d3N L\u00c1 &#8211; VIETNAM FESTIVAL: CELANO\"}]},{\"@type\":\"WebSite\",\"@id\":\"https:\/\/mayshow.vn\/#website\",\"url\":\"https:\/\/mayshow.vn\/\",\"name\":\"MAY Heritage\",\"description\":\"Chu\u1ed7i ch\u01b0\u01a1ng tr\u00ecnh tr\u1ea3i nghi\u1ec7m \u00c2m Nh\u1ea1c - V\u0103n H\u00f3a - Du L\u1ecbch\",\"publisher\":{\"@id\":\"https:\/\/mayshow.vn\/#organization\"},\"potentialAction\":[{\"@type\":\"SearchAction\",\"target\":{\"@type\":\"EntryPoint\",\"urlTemplate\":\"https:\/\/mayshow.vn\/?s={search_term_string}\"},\"query-input\":{\"@type\":\"PropertyValueSpecification\",\"valueRequired\":true,\"valueName\":\"search_term_string\"}}],\"inLanguage\":\"vi\"},{\"@type\":\"Organization\",\"@id\":\"https:\/\/mayshow.vn\/#organization\",\"name\":\"MAY Heritage\",\"url\":\"https:\/\/mayshow.vn\/\",\"logo\":{\"@type\":\"ImageObject\",\"inLanguage\":\"vi\",\"@id\":\"https:\/\/mayshow.vn\/#\/schema\/logo\/image\/\",\"url\":\"https:\/\/mayshow.vn\/wp-content\/uploads\/2025\/03\/AVT-2_resize.jpg\",\"contentUrl\":\"https:\/\/mayshow.vn\/wp-content\/uploads\/2025\/03\/AVT-2_resize.jpg\",\"width\":450,\"height\":209,\"caption\":\"MAY Heritage\"},\"image\":{\"@id\":\"https:\/\/mayshow.vn\/#\/schema\/logo\/image\/\"},\"sameAs\":[\"https:\/\/www.facebook.com\/mayheritagevn\",\"https:\/\/www.tiktok.com\/@mayshow.vn\"]},{\"@type\":\"Person\",\"@id\":\"https:\/\/mayshow.vn\/#\/schema\/person\/b7d7305e85514a5556bd28059eb3a9e5\",\"name\":\"Tr\u1ea7n Quang Thi\u1ec7n\",\"image\":{\"@type\":\"ImageObject\",\"inLanguage\":\"vi\",\"@id\":\"https:\/\/mayshow.vn\/#\/schema\/person\/image\/\",\"url\":\"https:\/\/secure.gravatar.com\/avatar\/68532ac4aad4c4b97a1cd6456a1e2e42017ff715cc32f549d0b0f0a9e548556c?s=96&d=https%3A%2F%2Fmayshow.vn%2Fwp-content%2Fuploads%2F2024%2F03%2Ffavi-icon.png&r=g\",\"contentUrl\":\"https:\/\/secure.gravatar.com\/avatar\/68532ac4aad4c4b97a1cd6456a1e2e42017ff715cc32f549d0b0f0a9e548556c?s=96&d=https%3A%2F%2Fmayshow.vn%2Fwp-content%2Fuploads%2F2024%2F03%2Ffavi-icon.png&r=g\",\"caption\":\"Tr\u1ea7n Quang Thi\u1ec7n\"},\"url\":\"https:\/\/mayshow.vn\/vi\/author\/thientq-backstagegmail-com\/\"}]}<\/script>\n<!-- \/ Yoast SEO plugin. -->","yoast_head_json":{"title":"H\u00c2N H\u1ea0NH C\u00d4NG B\u1ed0 NH\u00c0 T\u00c0I TR\u1ee2 \u0110\u1ed2NG C\u1ee6A N\u00d3N L\u00c1 - VIETNAM FESTIVAL: CELANO - MAY Heritage","robots":{"index":"index","follow":"follow","max-snippet":"max-snippet:-1","max-image-preview":"max-image-preview:large","max-video-preview":"max-video-preview:-1"},"canonical":"https:\/\/mayshow.vn\/vi\/han-hanh-cong-bo-nha-tai-tro-dong-cua-non-la-vietnam-festival-celano\/","og_locale":"vi_VN","og_type":"article","og_title":"H\u00c2N H\u1ea0NH C\u00d4NG B\u1ed0 NH\u00c0 T\u00c0I TR\u1ee2 \u0110\u1ed2NG C\u1ee6A N\u00d3N L\u00c1 - VIETNAM FESTIVAL: CELANO - MAY Heritage","og_description":"N\u00f3n L\u00e1 &#8211; Vietnam Festival vinh d\u1ef1 \u0111\u01b0\u1ee3c \u0111\u1ed3ng h\u00e0nh c\u00f9ng Celano trong h\u00e0nh tr\u00ecnh t\u1ea1o d\u1ef1ng m\u1ed9t kh\u00f4ng gian v\u0103n h\u00f3a &#8211; ngh\u1ec7 thu\u1eadt s\u1ed1ng \u0111\u1ed9ng, \u0111\u1eadm \u0111\u00e0 b\u1ea3n s\u1eafc Vi\u1ec7t. Celano l\u00e0 th\u01b0\u01a1ng hi\u1ec7u kem cao c\u1ea5p n\u1ed5i ti\u1ebfng t\u1ea1i Vi\u1ec7t Nam, thu\u1ed9c s\u1edf h\u1eefu c\u1ee7a C\u00f4ng ty C\u1ed5 ph\u1ea7n Th\u1ef1c ph\u1ea9m \u0110\u00f4ng [&hellip;]","og_url":"https:\/\/mayshow.vn\/vi\/han-hanh-cong-bo-nha-tai-tro-dong-cua-non-la-vietnam-festival-celano\/","og_site_name":"MAY Heritage","article_publisher":"https:\/\/www.facebook.com\/mayheritagevn","article_published_time":"2025-04-26T02:48:38+00:00","article_modified_time":"2025-04-26T02:49:15+00:00","og_image":[{"width":1920,"height":960,"url":"https:\/\/mayshow.vn\/wp-content\/uploads\/2025\/04\/z6542982446092_39e7a88de5864603ffefc587a9b76271.jpg","type":"image\/jpeg"}],"author":"Tr\u1ea7n Quang Thi\u1ec7n","twitter_card":"summary_large_image","twitter_misc":{"\u0110\u01b0\u1ee3c vi\u1ebft b\u1edfi":"Tr\u1ea7n Quang Thi\u1ec7n","\u01af\u1edbc t\u00ednh th\u1eddi gian \u0111\u1ecdc":"2 ph\u00fat"},"schema":{"@context":"https:\/\/schema.org","@graph":[{"@type":"Article","@id":"https:\/\/mayshow.vn\/han-hanh-cong-bo-nha-tai-tro-dong-cua-non-la-vietnam-festival-celano\/#article","isPartOf":{"@id":"https:\/\/mayshow.vn\/han-hanh-cong-bo-nha-tai-tro-dong-cua-non-la-vietnam-festival-celano\/"},"author":{"name":"Tr\u1ea7n Quang Thi\u1ec7n","@id":"https:\/\/mayshow.vn\/#\/schema\/person\/b7d7305e85514a5556bd28059eb3a9e5"},"headline":"H\u00c2N H\u1ea0NH C\u00d4NG B\u1ed0 NH\u00c0 T\u00c0I TR\u1ee2 \u0110\u1ed2NG C\u1ee6A N\u00d3N L\u00c1 &#8211; VIETNAM FESTIVAL: CELANO","datePublished":"2025-04-26T02:48:38+00:00","dateModified":"2025-04-26T02:49:15+00:00","mainEntityOfPage":{"@id":"https:\/\/mayshow.vn\/han-hanh-cong-bo-nha-tai-tro-dong-cua-non-la-vietnam-festival-celano\/"},"wordCount":287,"publisher":{"@id":"https:\/\/mayshow.vn\/#organization"},"image":{"@id":"https:\/\/mayshow.vn\/han-hanh-cong-bo-nha-tai-tro-dong-cua-non-la-vietnam-festival-celano\/#primaryimage"},"thumbnailUrl":"https:\/\/mayshow.vn\/wp-content\/uploads\/2025\/04\/z6542982446092_39e7a88de5864603ffefc587a9b76271.jpg","articleSection":["May Show"],"inLanguage":"vi"},{"@type":"WebPage","@id":"https:\/\/mayshow.vn\/han-hanh-cong-bo-nha-tai-tro-dong-cua-non-la-vietnam-festival-celano\/","url":"https:\/\/mayshow.vn\/han-hanh-cong-bo-nha-tai-tro-dong-cua-non-la-vietnam-festival-celano\/","name":"H\u00c2N H\u1ea0NH C\u00d4NG B\u1ed0 NH\u00c0 T\u00c0I TR\u1ee2 \u0110\u1ed2NG C\u1ee6A N\u00d3N L\u00c1 - VIETNAM FESTIVAL: CELANO - MAY Heritage","isPartOf":{"@id":"https:\/\/mayshow.vn\/#website"},"primaryImageOfPage":{"@id":"https:\/\/mayshow.vn\/han-hanh-cong-bo-nha-tai-tro-dong-cua-non-la-vietnam-festival-celano\/#primaryimage"},"image":{"@id":"https:\/\/mayshow.vn\/han-hanh-cong-bo-nha-tai-tro-dong-cua-non-la-vietnam-festival-celano\/#primaryimage"},"thumbnailUrl":"https:\/\/mayshow.vn\/wp-content\/uploads\/2025\/04\/z6542982446092_39e7a88de5864603ffefc587a9b76271.jpg","datePublished":"2025-04-26T02:48:38+00:00","dateModified":"2025-04-26T02:49:15+00:00","breadcrumb":{"@id":"https:\/\/mayshow.vn\/han-hanh-cong-bo-nha-tai-tro-dong-cua-non-la-vietnam-festival-celano\/#breadcrumb"},"inLanguage":"vi","potentialAction":[{"@type":"ReadAction","target":["https:\/\/mayshow.vn\/han-hanh-cong-bo-nha-tai-tro-dong-cua-non-la-vietnam-festival-celano\/"]}]},{"@type":"ImageObject","inLanguage":"vi","@id":"https:\/\/mayshow.vn\/han-hanh-cong-bo-nha-tai-tro-dong-cua-non-la-vietnam-festival-celano\/#primaryimage","url":"https:\/\/mayshow.vn\/wp-content\/uploads\/2025\/04\/z6542982446092_39e7a88de5864603ffefc587a9b76271.jpg","contentUrl":"https:\/\/mayshow.vn\/wp-content\/uploads\/2025\/04\/z6542982446092_39e7a88de5864603ffefc587a9b76271.jpg","width":1920,"height":960,"caption":"banner t\u00e0i tr\u1ee3 Celano"},{"@type":"BreadcrumbList","@id":"https:\/\/mayshow.vn\/han-hanh-cong-bo-nha-tai-tro-dong-cua-non-la-vietnam-festival-celano\/#breadcrumb","itemListElement":[{"@type":"ListItem","position":1,"name":"Trang ch\u1ee7","item":"https:\/\/mayshow.vn\/"},{"@type":"ListItem","position":2,"name":"H\u00c2N H\u1ea0NH C\u00d4NG B\u1ed0 NH\u00c0 T\u00c0I TR\u1ee2 \u0110\u1ed2NG C\u1ee6A N\u00d3N L\u00c1 &#8211; VIETNAM FESTIVAL: CELANO"}]},{"@type":"WebSite","@id":"https:\/\/mayshow.vn\/#website","url":"https:\/\/mayshow.vn\/","name":"MAY Heritage","description":"Chu\u1ed7i ch\u01b0\u01a1ng tr\u00ecnh tr\u1ea3i nghi\u1ec7m \u00c2m Nh\u1ea1c - V\u0103n H\u00f3a - Du L\u1ecbch","publisher":{"@id":"https:\/\/mayshow.vn\/#organization"},"potentialAction":[{"@type":"SearchAction","target":{"@type":"EntryPoint","urlTemplate":"https:\/\/mayshow.vn\/?s={search_term_string}"},"query-input":{"@type":"PropertyValueSpecification","valueRequired":true,"valueName":"search_term_string"}}],"inLanguage":"vi"},{"@type":"Organization","@id":"https:\/\/mayshow.vn\/#organization","name":"MAY Heritage","url":"https:\/\/mayshow.vn\/","logo":{"@type":"ImageObject","inLanguage":"vi","@id":"https:\/\/mayshow.vn\/#\/schema\/logo\/image\/","url":"https:\/\/mayshow.vn\/wp-content\/uploads\/2025\/03\/AVT-2_resize.jpg","contentUrl":"https:\/\/mayshow.vn\/wp-content\/uploads\/2025\/03\/AVT-2_resize.jpg","width":450,"height":209,"caption":"MAY Heritage"},"image":{"@id":"https:\/\/mayshow.vn\/#\/schema\/logo\/image\/"},"sameAs":["https:\/\/www.facebook.com\/mayheritagevn","https:\/\/www.tiktok.com\/@mayshow.vn"]},{"@type":"Person","@id":"https:\/\/mayshow.vn\/#\/schema\/person\/b7d7305e85514a5556bd28059eb3a9e5","name":"Tr\u1ea7n Quang Thi\u1ec7n","image":{"@type":"ImageObject","inLanguage":"vi","@id":"https:\/\/mayshow.vn\/#\/schema\/person\/image\/","url":"https:\/\/secure.gravatar.com\/avatar\/68532ac4aad4c4b97a1cd6456a1e2e42017ff715cc32f549d0b0f0a9e548556c?s=96&d=https%3A%2F%2Fmayshow.vn%2Fwp-content%2Fuploads%2F2024%2F03%2Ffavi-icon.png&r=g","contentUrl":"https:\/\/secure.gravatar.com\/avatar\/68532ac4aad4c4b97a1cd6456a1e2e42017ff715cc32f549d0b0f0a9e548556c?s=96&d=https%3A%2F%2Fmayshow.vn%2Fwp-content%2Fuploads%2F2024%2F03%2Ffavi-icon.png&r=g","caption":"Tr\u1ea7n Quang Thi\u1ec7n"},"url":"https:\/\/mayshow.vn\/vi\/author\/thientq-backstagegmail-com\/"}]}},"_links":{"self":[{"href":"https:\/\/mayshow.vn\/vi\/wp-json\/wp\/v2\/posts\/33208","targetHints":{"allow":["GET"]}}],"collection":[{"href":"https:\/\/mayshow.vn\/vi\/wp-json\/wp\/v2\/posts"}],"about":[{"href":"https:\/\/mayshow.vn\/vi\/wp-json\/wp\/v2\/types\/post"}],"author":[{"embeddable":true,"href":"https:\/\/mayshow.vn\/vi\/wp-json\/wp\/v2\/users\/1231"}],"replies":[{"embeddable":true,"href":"https:\/\/mayshow.vn\/vi\/wp-json\/wp\/v2\/comments?post=33208"}],"version-history":[{"count":7,"href":"https:\/\/mayshow.vn\/vi\/wp-json\/wp\/v2\/posts\/33208\/revisions"}],"predecessor-version":[{"id":33217,"href":"https:\/\/mayshow.vn\/vi\/wp-json\/wp\/v2\/posts\/33208\/revisions\/33217"}],"wp:featuredmedia":[{"embeddable":true,"href":"https:\/\/mayshow.vn\/vi\/wp-json\/wp\/v2\/media\/33210"}],"wp:attachment":[{"href":"https:\/\/mayshow.vn\/vi\/wp-json\/wp\/v2\/media?parent=33208"}],"wp:term":[{"taxonomy":"category","embeddable":true,"href":"https:\/\/mayshow.vn\/vi\/wp-json\/wp\/v2\/categories?post=33208"},{"taxonomy":"post_tag","embeddable":true,"href":"https:\/\/mayshow.vn\/vi\/wp-json\/wp\/v2\/tags?post=33208"}],"curies":[{"name":"wp","href":"https:\/\/api.w.org\/{rel}","templated":true}]}}