{"id":35164,"date":"2025-04-30T19:44:14","date_gmt":"2025-04-30T12:44:14","guid":{"rendered":"https:\/\/mayshow.vn\/?p=35164"},"modified":"2025-04-30T19:45:38","modified_gmt":"2025-04-30T12:45:38","slug":"khai-mac-le-hoi-non-la-vietnam-festival-2025-hanh-trinh-nghe-thuat-tren-di-san","status":"publish","type":"post","link":"https:\/\/mayshow.vn\/vi\/khai-mac-le-hoi-non-la-vietnam-festival-2025-hanh-trinh-nghe-thuat-tren-di-san\/","title":{"rendered":"Khai m\u1ea1c l\u1ec5 h\u1ed9i \u201cN\u00f3n L\u00e1 \u2013 Vietnam Festival 2025\u201d: H\u00e0nh tr\u00ecnh ngh\u1ec7 thu\u1eadt tr\u00ean di s\u1ea3n"},"content":{"rendered":"<p><strong>S\u00e1ng ng\u00e0y 30\/4, t\u1ea1i C\u1ed5ng khu du l\u1ecbch Tr\u00e0ng An (Ninh B\u00ecnh), l\u1ec5 khai m\u1ea1c chu\u1ed7i s\u1ef1 ki\u1ec7n N\u00f3n L\u00e1 \u2013 Vietnam Festival 2025 \u0111\u00e3 ch\u00ednh th\u1ee9c di\u1ec5n ra trong kh\u00f4ng kh\u00ed trang tr\u1ecdng v\u00e0 \u0111\u1ea7y s\u1eafc m\u00e0u v\u0103n ho\u00e1, thu h\u00fat s\u1ef1 tham d\u1ef1 c\u1ee7a \u0111\u00f4ng \u0111\u1ea3o ng\u01b0\u1eddi d\u00e2n v\u00e0 \u0111\u1ea1i di\u1ec7n ch\u00ednh quy\u1ec1n \u0111\u1ecba ph\u01b0\u01a1ng.<\/strong> <\/p><p>S\u1ef1 ki\u1ec7n \u0111\u01b0\u1ee3c t\u1ed5 ch\u1ee9c nh\u00e2n d\u1ecbp k\u1ef7 ni\u1ec7m 50 n\u0103m ng\u00e0y Gi\u1ea3i ph\u00f3ng mi\u1ec1n Nam, Th\u1ed1ng nh\u1ea5t \u0111\u1ea5t n\u01b0\u1edbc (30\/4\/1975 \u2013 30\/4\/2025), m\u1edf m\u00e0n cho h\u00e0nh tr\u00ecnh ngh\u1ec7 thu\u1eadt \u2013 v\u0103n h\u00f3a \u2013 th\u1ec3 thao k\u00e9o d\u00e0i 4 ng\u00e0y t\u1ea1i Tam C\u1ed1c, Ninh B\u00ecnh.<\/p><figure class=\"wp-block-image size-full\"><img fetchpriority=\"high\" decoding=\"async\" width=\"1920\" height=\"1200\" src=\"https:\/\/mayshow.vn\/wp-content\/uploads\/2025\/04\/khai-mac-5.png\" alt=\"\" class=\"wp-image-35257\" srcset=\"https:\/\/mayshow.vn\/wp-content\/uploads\/2025\/04\/khai-mac-5.png 1920w, https:\/\/mayshow.vn\/wp-content\/uploads\/2025\/04\/khai-mac-5-1536x960.png 1536w, https:\/\/mayshow.vn\/wp-content\/uploads\/2025\/04\/khai-mac-5-18x12.png 18w, https:\/\/mayshow.vn\/wp-content\/uploads\/2025\/04\/khai-mac-5-150x94.png 150w, https:\/\/mayshow.vn\/wp-content\/uploads\/2025\/04\/khai-mac-5-710x444.png 710w\" sizes=\"(max-width: 1920px) 100vw, 1920px\" \/><\/figure><p>L\u1ec5 khai m\u1ea1c c\u00f3 s\u1ef1 hi\u1ec7n di\u1ec7n c\u1ee7a c\u00e1c l\u00e3nh \u0111\u1ea1o t\u1ec9nh Ninh B\u00ecnh: <\/p><ul class=\"wp-block-list\"><li>\u00d4ng \u0110o\u00e0n Minh Hu\u1ea5n \u2013 B\u00ed th\u01b0 T\u1ec9nh \u1ee7y<\/li>\n\n<li>\u00d4ng Ph\u1ea1m Quang Ng\u1ecdc \u2013 Ch\u1ee7 t\u1ecbch UBND t\u1ec9nh<\/li>\n\n<li>B\u00e0 B\u00f9i Mai Hoa \u2013 Tr\u01b0\u1edfng Ban Tuy\u00ean gi\u00e1o &amp; D\u00e2n v\u1eadn T\u1ec9nh \u1ee7y<\/li>\n\n<li>\u00d4ng Tr\u1ea7n Song T\u00f9ng \u2013 Ph\u00f3 Ch\u1ee7 t\u1ecbch UBND t\u1ec9nh<\/li>\n\n<li>\u00d4ng B\u00f9i V\u0103n M\u1ea1nh \u2013 Gi\u00e1m \u0111\u1ed1c S\u1edf Du l\u1ecbch<\/li>\n\n<li>\u00d4ng Nguy\u1ec5n M\u1ea1nh C\u01b0\u1eddng \u2013 Gi\u00e1m \u0111\u1ed1c S\u1edf V\u0103n h\u00f3a<\/li>\n\n<li>\u00d4ng L\u00ea M\u1ea1nh H\u00f9ng \u2013 Gi\u00e1m \u0111\u1ed1c \u0110\u00e0i PT-TH Ninh B\u00ecnh<\/li>\n\n<li>\u0110\u1ea1i t\u00e1 \u0110inh Vi\u1ec7t D\u0169ng \u2013 Gi\u00e1m \u0111\u1ed1c C\u00f4ng an t\u1ec9nh<\/li>\n\n<li>\u00d4ng Tr\u1ecbnh Nh\u01b0 L\u00e2m \u2013 B\u00ed th\u01b0 T\u1ec9nh \u0111o\u00e0n<\/li>\n\n<li>\u00d4ng \u0110inh V\u0103n Ti\u00ean \u2013 B\u00ed th\u01b0 th\u00e0nh ph\u1ed1 Hoa L\u01b0<\/li>\n\n<li>\u00d4ng B\u00f9i Thi\u1ec7n Thi \u2013 Ch\u1ee7 t\u1ecbch UBND th\u00e0nh ph\u1ed1 Hoa L\u01b0<\/li><\/ul><p>Ch\u01b0\u01a1ng tr\u00ecnh khai m\u1ea1c b\u1eaft \u0111\u1ea7u v\u1edbi nh\u1eefng m\u00e0n tr\u00ecnh di\u1ec5n ngh\u1ec7 thu\u1eadt mang \u0111\u1eadm tinh th\u1ea7n d\u00e2n t\u1ed9c v\u00e0 b\u1ea3n s\u1eafc \u0111\u1ecba ph\u01b0\u01a1ng: tr\u1ed1ng h\u1ed9i r\u1ed9n r\u00e0ng, ngh\u1ec7 thu\u1eadt h\u00e1t x\u1ea9m \u0111\u1ea7y c\u1ea3m x\u00fac v\u00e0 m\u00e0n di\u1ec5u h\u00e0nh k\u1ef5 binh ho\u00e0nh tr\u00e1ng.<\/p><figure class=\"wp-block-image size-full\"><img decoding=\"async\" width=\"2560\" height=\"1600\" src=\"https:\/\/mayshow.vn\/wp-content\/uploads\/2025\/04\/khai-mac-4-scaled.png\" alt=\"\" class=\"wp-image-35170\" srcset=\"https:\/\/mayshow.vn\/wp-content\/uploads\/2025\/04\/khai-mac-4-scaled.png 2560w, https:\/\/mayshow.vn\/wp-content\/uploads\/2025\/04\/khai-mac-4-1536x960.png 1536w\" sizes=\"(max-width: 2560px) 100vw, 2560px\" \/><\/figure><p class=\"has-text-align-center\">Ti\u1ebft m\u1ee5c h\u00e1t x\u1ea9m tr\u00ecnh b\u00e0y b\u1edfi c\u00e1c em nh\u1ecf t\u1ea1i Ninh B\u00ecnh. <\/p><figure class=\"wp-block-image size-full\"><img decoding=\"async\" width=\"2560\" height=\"1600\" src=\"https:\/\/mayshow.vn\/wp-content\/uploads\/2025\/04\/khai-mac-2-scaled.png\" alt=\"M\u00e0n di\u1ec5u h\u00e0nh k\u1ef5 binh v\u00e0 c\u1ed5 ph\u1ee5c t\u1eeb c\u1ed5ng 2 Con Voi \u0111\u1ebfn Qu\u1ea3ng tr\u01b0\u1eddng \u0110inh Ti\u00ean Ho\u00e0ng \u0110\u1ebf. \" class=\"wp-image-35172\"\/><\/figure><p class=\"has-text-align-center\">M\u00e0n di\u1ec5u h\u00e0nh k\u1ef5 binh v\u00e0 c\u1ed5 ph\u1ee5c t\u1eeb c\u1ed5ng 2 Con Voi \u0111\u1ebfn Qu\u1ea3ng tr\u01b0\u1eddng \u0110inh Ti\u00ean Ho\u00e0ng \u0110\u1ebf.<\/p><figure class=\"wp-block-image size-full\"><img decoding=\"async\" src=\"https:\/\/mayshow.vn\/wp-content\/uploads\/2025\/04\/khai-mac-3.png\" alt=\"\u0110o\u00e0n di\u1ec5u h\u00e0nh th\u1ef1c hi\u1ec7n nghi l\u1ec5 d\u00e2ng h\u01b0\u01a1ng t\u1ea1i Qu\u1ea3ng tr\u01b0\u1eddng \u0110inh Ti\u00ean Ho\u00e0ng L\u1ec5. \" class=\"wp-image-35171\"\/><\/figure><p class=\"has-text-align-center\">\u0110o\u00e0n di\u1ec5u h\u00e0nh th\u1ef1c hi\u1ec7n nghi l\u1ec5 d\u00e2ng h\u01b0\u01a1ng t\u1ea1i Qu\u1ea3ng tr\u01b0\u1eddng \u0110inh Ti\u00ean Ho\u00e0ng L\u1ec5.<\/p><p>N\u00f3n L\u00e1 \u2013 Vietnam Festival 2025 l\u00e0 chu\u1ed7i s\u1ef1 ki\u1ec7n do C\u00f4ng ty TNHH \u0110\u1ea7u t\u01b0 TMDV Tr\u00e0ng An ph\u1ed1i h\u1ee3p v\u1edbi Khu du l\u1ecbch Tam C\u1ed1c \u2013 B\u00edch \u0110\u1ed9ng, \u201cMAY Heritage\u201d v\u00e0 Highphong Team t\u1ed5 ch\u1ee9c. L\u1ec5 h\u1ed9i kh\u00f4ng ch\u1ec9 l\u00e0 \u0111i\u1ec3m \u0111\u1ebfn v\u0103n h\u00f3a m\u00e0 c\u00f2n l\u00e0 h\u00e0nh tr\u00ecnh tr\u1ea3i nghi\u1ec7m ngh\u1ec7 thu\u1eadt \u0111\u1ed9c \u0111\u00e1o gi\u1eefa thi\u00ean nhi\u00ean v\u00e0 di s\u1ea3n, n\u01a1i ngh\u1ec7 thu\u1eadt, l\u1ecbch s\u1eed v\u00e0 c\u1ea3nh quan h\u00f9ng v\u0129 h\u00f2a quy\u1ec7n.<\/p><p>V\u1edbi mong mu\u1ed1n lan t\u1ecfa v\u1ebb \u0111\u1eb9p truy\u1ec1n th\u1ed1ng Vi\u1ec7t Nam, s\u1ef1 ki\u1ec7n h\u01b0\u1edbng \u0111\u1ebfn vi\u1ec7c k\u1ebft n\u1ed1i c\u1ed9ng \u0111\u1ed3ng, t\u00f4n vinh gi\u00e1 tr\u1ecb v\u0103n h\u00f3a d\u00e2n t\u1ed9c, \u0111\u1ed3ng th\u1eddi th\u00fac \u0111\u1ea9y ph\u00e1t tri\u1ec3n du l\u1ecbch v\u00e0 kinh t\u1ebf \u0111\u1ecba ph\u01b0\u01a1ng trong d\u1ecbp ngh\u1ec9 l\u1ec5 30\/4 \u2013 1\/5.<\/p><p><\/p>","protected":false},"excerpt":{"rendered":"<p>S\u00e1ng ng\u00e0y 30\/4, t\u1ea1i C\u1ed5ng khu du l\u1ecbch Tr\u00e0ng An (Ninh B\u00ecnh), l\u1ec5 khai m\u1ea1c chu\u1ed7i s\u1ef1 ki\u1ec7n N\u00f3n L\u00e1 \u2013 Vietnam Festival 2025 \u0111\u00e3 ch\u00ednh th\u1ee9c di\u1ec5n ra trong kh\u00f4ng kh\u00ed trang tr\u1ecdng v\u00e0 \u0111\u1ea7y s\u1eafc m\u00e0u v\u0103n ho\u00e1, thu h\u00fat s\u1ef1 tham d\u1ef1 c\u1ee7a \u0111\u00f4ng \u0111\u1ea3o ng\u01b0\u1eddi d\u00e2n v\u00e0 \u0111\u1ea1i di\u1ec7n ch\u00ednh quy\u1ec1n [&hellip;]<\/p>\n","protected":false},"author":1708,"featured_media":35168,"comment_status":"closed","ping_status":"closed","sticky":false,"template":"","format":"standard","meta":{"footnotes":""},"categories":[1],"tags":[],"class_list":["post-35164","post","type-post","status-publish","format-standard","has-post-thumbnail","hentry","category-mayshow"],"yoast_head":"<!-- This site is optimized with the Yoast SEO plugin v24.7 - https:\/\/yoast.com\/wordpress\/plugins\/seo\/ -->\n<title>Khai m\u1ea1c l\u1ec5 h\u1ed9i \u201cN\u00f3n L\u00e1 \u2013 Vietnam Festival 2025\u201d: H\u00e0nh tr\u00ecnh ngh\u1ec7 thu\u1eadt tr\u00ean di s\u1ea3n<\/title>\n<meta name=\"description\" content=\"S\u00e1ng 30\/4, l\u1ec5 khai m\u1ea1c N\u00f3n L\u00e1 \u2013 Vietnam Festival 2025 \u0111\u00e3 di\u1ec5n ra v\u1edbi s\u1ef1 tham d\u1ef1 c\u1ee7a ng\u01b0\u1eddi d\u00e2n v\u00e0 ch\u00ednh quy\u1ec1n \u0111\u1ecba ph\u01b0\u01a1ng.\" \/>\n<meta name=\"robots\" content=\"index, follow, max-snippet:-1, max-image-preview:large, max-video-preview:-1\" \/>\n<link rel=\"canonical\" href=\"https:\/\/mayshow.vn\/vi\/khai-mac-le-hoi-non-la-vietnam-festival-2025-hanh-trinh-nghe-thuat-tren-di-san\/\" \/>\n<meta property=\"og:locale\" content=\"vi_VN\" \/>\n<meta property=\"og:type\" content=\"article\" \/>\n<meta property=\"og:title\" content=\"Khai m\u1ea1c l\u1ec5 h\u1ed9i \u201cN\u00f3n L\u00e1 \u2013 Vietnam Festival 2025\u201d: H\u00e0nh tr\u00ecnh ngh\u1ec7 thu\u1eadt tr\u00ean di s\u1ea3n\" \/>\n<meta property=\"og:description\" content=\"S\u00e1ng 30\/4, l\u1ec5 khai m\u1ea1c N\u00f3n L\u00e1 \u2013 Vietnam Festival 2025 \u0111\u00e3 di\u1ec5n ra v\u1edbi s\u1ef1 tham d\u1ef1 c\u1ee7a ng\u01b0\u1eddi d\u00e2n v\u00e0 ch\u00ednh quy\u1ec1n \u0111\u1ecba ph\u01b0\u01a1ng.\" \/>\n<meta property=\"og:url\" content=\"https:\/\/mayshow.vn\/vi\/khai-mac-le-hoi-non-la-vietnam-festival-2025-hanh-trinh-nghe-thuat-tren-di-san\/\" \/>\n<meta property=\"og:site_name\" content=\"MAY Heritage\" \/>\n<meta property=\"article:publisher\" content=\"https:\/\/www.facebook.com\/mayheritagevn\" \/>\n<meta property=\"article:published_time\" content=\"2025-04-30T12:44:14+00:00\" \/>\n<meta property=\"article:modified_time\" content=\"2025-04-30T12:45:38+00:00\" \/>\n<meta property=\"og:image\" content=\"https:\/\/mayshow.vn\/wp-content\/uploads\/2025\/04\/khai-mac-scaled.png\" \/>\n\t<meta property=\"og:image:width\" content=\"1024\" \/>\n\t<meta property=\"og:image:height\" content=\"640\" \/>\n\t<meta property=\"og:image:type\" content=\"image\/png\" \/>\n<meta name=\"author\" content=\"Nga Tran\" \/>\n<meta name=\"twitter:card\" content=\"summary_large_image\" \/>\n<meta name=\"twitter:label1\" content=\"\u0110\u01b0\u1ee3c vi\u1ebft b\u1edfi\" \/>\n\t<meta name=\"twitter:data1\" content=\"Nga Tran\" \/>\n\t<meta name=\"twitter:label2\" content=\"\u01af\u1edbc t\u00ednh th\u1eddi gian \u0111\u1ecdc\" \/>\n\t<meta name=\"twitter:data2\" content=\"4 ph\u00fat\" \/>\n<script type=\"application\/ld+json\" class=\"yoast-schema-graph\">{\"@context\":\"https:\/\/schema.org\",\"@graph\":[{\"@type\":\"Article\",\"@id\":\"https:\/\/mayshow.vn\/khai-mac-le-hoi-non-la-vietnam-festival-2025-hanh-trinh-nghe-thuat-tren-di-san\/#article\",\"isPartOf\":{\"@id\":\"https:\/\/mayshow.vn\/khai-mac-le-hoi-non-la-vietnam-festival-2025-hanh-trinh-nghe-thuat-tren-di-san\/\"},\"author\":{\"name\":\"Nga Tran\",\"@id\":\"https:\/\/mayshow.vn\/#\/schema\/person\/03ef4b18a962eb938041fd957b4c5a97\"},\"headline\":\"Khai m\u1ea1c l\u1ec5 h\u1ed9i \u201cN\u00f3n L\u00e1 \u2013 Vietnam Festival 2025\u201d: H\u00e0nh tr\u00ecnh ngh\u1ec7 thu\u1eadt tr\u00ean di s\u1ea3n\",\"datePublished\":\"2025-04-30T12:44:14+00:00\",\"dateModified\":\"2025-04-30T12:45:38+00:00\",\"mainEntityOfPage\":{\"@id\":\"https:\/\/mayshow.vn\/khai-mac-le-hoi-non-la-vietnam-festival-2025-hanh-trinh-nghe-thuat-tren-di-san\/\"},\"wordCount\":668,\"publisher\":{\"@id\":\"https:\/\/mayshow.vn\/#organization\"},\"image\":{\"@id\":\"https:\/\/mayshow.vn\/khai-mac-le-hoi-non-la-vietnam-festival-2025-hanh-trinh-nghe-thuat-tren-di-san\/#primaryimage\"},\"thumbnailUrl\":\"https:\/\/mayshow.vn\/wp-content\/uploads\/2025\/04\/khai-mac-scaled.png\",\"articleSection\":[\"May Show\"],\"inLanguage\":\"vi\"},{\"@type\":\"WebPage\",\"@id\":\"https:\/\/mayshow.vn\/khai-mac-le-hoi-non-la-vietnam-festival-2025-hanh-trinh-nghe-thuat-tren-di-san\/\",\"url\":\"https:\/\/mayshow.vn\/khai-mac-le-hoi-non-la-vietnam-festival-2025-hanh-trinh-nghe-thuat-tren-di-san\/\",\"name\":\"Khai m\u1ea1c l\u1ec5 h\u1ed9i \u201cN\u00f3n L\u00e1 \u2013 Vietnam Festival 2025\u201d: H\u00e0nh tr\u00ecnh ngh\u1ec7 thu\u1eadt tr\u00ean di s\u1ea3n\",\"isPartOf\":{\"@id\":\"https:\/\/mayshow.vn\/#website\"},\"primaryImageOfPage\":{\"@id\":\"https:\/\/mayshow.vn\/khai-mac-le-hoi-non-la-vietnam-festival-2025-hanh-trinh-nghe-thuat-tren-di-san\/#primaryimage\"},\"image\":{\"@id\":\"https:\/\/mayshow.vn\/khai-mac-le-hoi-non-la-vietnam-festival-2025-hanh-trinh-nghe-thuat-tren-di-san\/#primaryimage\"},\"thumbnailUrl\":\"https:\/\/mayshow.vn\/wp-content\/uploads\/2025\/04\/khai-mac-scaled.png\",\"datePublished\":\"2025-04-30T12:44:14+00:00\",\"dateModified\":\"2025-04-30T12:45:38+00:00\",\"description\":\"S\u00e1ng 30\/4, l\u1ec5 khai m\u1ea1c N\u00f3n L\u00e1 \u2013 Vietnam Festival 2025 \u0111\u00e3 di\u1ec5n ra v\u1edbi s\u1ef1 tham d\u1ef1 c\u1ee7a ng\u01b0\u1eddi d\u00e2n v\u00e0 ch\u00ednh quy\u1ec1n \u0111\u1ecba ph\u01b0\u01a1ng.\",\"breadcrumb\":{\"@id\":\"https:\/\/mayshow.vn\/khai-mac-le-hoi-non-la-vietnam-festival-2025-hanh-trinh-nghe-thuat-tren-di-san\/#breadcrumb\"},\"inLanguage\":\"vi\",\"potentialAction\":[{\"@type\":\"ReadAction\",\"target\":[\"https:\/\/mayshow.vn\/khai-mac-le-hoi-non-la-vietnam-festival-2025-hanh-trinh-nghe-thuat-tren-di-san\/\"]}]},{\"@type\":\"ImageObject\",\"inLanguage\":\"vi\",\"@id\":\"https:\/\/mayshow.vn\/khai-mac-le-hoi-non-la-vietnam-festival-2025-hanh-trinh-nghe-thuat-tren-di-san\/#primaryimage\",\"url\":\"https:\/\/mayshow.vn\/wp-content\/uploads\/2025\/04\/khai-mac-scaled.png\",\"contentUrl\":\"https:\/\/mayshow.vn\/wp-content\/uploads\/2025\/04\/khai-mac-scaled.png\",\"width\":2560,\"height\":1600},{\"@type\":\"BreadcrumbList\",\"@id\":\"https:\/\/mayshow.vn\/khai-mac-le-hoi-non-la-vietnam-festival-2025-hanh-trinh-nghe-thuat-tren-di-san\/#breadcrumb\",\"itemListElement\":[{\"@type\":\"ListItem\",\"position\":1,\"name\":\"Trang ch\u1ee7\",\"item\":\"https:\/\/mayshow.vn\/\"},{\"@type\":\"ListItem\",\"position\":2,\"name\":\"Khai m\u1ea1c l\u1ec5 h\u1ed9i \u201cN\u00f3n L\u00e1 \u2013 Vietnam Festival 2025\u201d: H\u00e0nh tr\u00ecnh ngh\u1ec7 thu\u1eadt tr\u00ean di s\u1ea3n\"}]},{\"@type\":\"WebSite\",\"@id\":\"https:\/\/mayshow.vn\/#website\",\"url\":\"https:\/\/mayshow.vn\/\",\"name\":\"MAY Heritage\",\"description\":\"Chu\u1ed7i ch\u01b0\u01a1ng tr\u00ecnh tr\u1ea3i nghi\u1ec7m \u00c2m Nh\u1ea1c - V\u0103n H\u00f3a - Du L\u1ecbch\",\"publisher\":{\"@id\":\"https:\/\/mayshow.vn\/#organization\"},\"potentialAction\":[{\"@type\":\"SearchAction\",\"target\":{\"@type\":\"EntryPoint\",\"urlTemplate\":\"https:\/\/mayshow.vn\/?s={search_term_string}\"},\"query-input\":{\"@type\":\"PropertyValueSpecification\",\"valueRequired\":true,\"valueName\":\"search_term_string\"}}],\"inLanguage\":\"vi\"},{\"@type\":\"Organization\",\"@id\":\"https:\/\/mayshow.vn\/#organization\",\"name\":\"MAY Heritage\",\"url\":\"https:\/\/mayshow.vn\/\",\"logo\":{\"@type\":\"ImageObject\",\"inLanguage\":\"vi\",\"@id\":\"https:\/\/mayshow.vn\/#\/schema\/logo\/image\/\",\"url\":\"https:\/\/mayshow.vn\/wp-content\/uploads\/2025\/03\/AVT-2_resize.jpg\",\"contentUrl\":\"https:\/\/mayshow.vn\/wp-content\/uploads\/2025\/03\/AVT-2_resize.jpg\",\"width\":450,\"height\":209,\"caption\":\"MAY Heritage\"},\"image\":{\"@id\":\"https:\/\/mayshow.vn\/#\/schema\/logo\/image\/\"},\"sameAs\":[\"https:\/\/www.facebook.com\/mayheritagevn\",\"https:\/\/www.tiktok.com\/@mayshow.vn\"]},{\"@type\":\"Person\",\"@id\":\"https:\/\/mayshow.vn\/#\/schema\/person\/03ef4b18a962eb938041fd957b4c5a97\",\"name\":\"Nga Tran\",\"image\":{\"@type\":\"ImageObject\",\"inLanguage\":\"vi\",\"@id\":\"https:\/\/mayshow.vn\/#\/schema\/person\/image\/\",\"url\":\"https:\/\/secure.gravatar.com\/avatar\/6c90a41521e64ad3f29091aa8dea77260768c74bccf8295e302153afd471b8ae?s=96&d=https%3A%2F%2Fmayshow.vn%2Fwp-content%2Fuploads%2F2024%2F03%2Ffavi-icon.png&r=g\",\"contentUrl\":\"https:\/\/secure.gravatar.com\/avatar\/6c90a41521e64ad3f29091aa8dea77260768c74bccf8295e302153afd471b8ae?s=96&d=https%3A%2F%2Fmayshow.vn%2Fwp-content%2Fuploads%2F2024%2F03%2Ffavi-icon.png&r=g\",\"caption\":\"Nga Tran\"},\"url\":\"https:\/\/mayshow.vn\/vi\/author\/ngatran-backstagegmail-com\/\"}]}<\/script>\n<!-- \/ Yoast SEO plugin. -->","yoast_head_json":{"title":"Khai m\u1ea1c l\u1ec5 h\u1ed9i \u201cN\u00f3n L\u00e1 \u2013 Vietnam Festival 2025\u201d: H\u00e0nh tr\u00ecnh ngh\u1ec7 thu\u1eadt tr\u00ean di s\u1ea3n","description":"S\u00e1ng 30\/4, l\u1ec5 khai m\u1ea1c N\u00f3n L\u00e1 \u2013 Vietnam Festival 2025 \u0111\u00e3 di\u1ec5n ra v\u1edbi s\u1ef1 tham d\u1ef1 c\u1ee7a ng\u01b0\u1eddi d\u00e2n v\u00e0 ch\u00ednh quy\u1ec1n \u0111\u1ecba ph\u01b0\u01a1ng.","robots":{"index":"index","follow":"follow","max-snippet":"max-snippet:-1","max-image-preview":"max-image-preview:large","max-video-preview":"max-video-preview:-1"},"canonical":"https:\/\/mayshow.vn\/vi\/khai-mac-le-hoi-non-la-vietnam-festival-2025-hanh-trinh-nghe-thuat-tren-di-san\/","og_locale":"vi_VN","og_type":"article","og_title":"Khai m\u1ea1c l\u1ec5 h\u1ed9i \u201cN\u00f3n L\u00e1 \u2013 Vietnam Festival 2025\u201d: H\u00e0nh tr\u00ecnh ngh\u1ec7 thu\u1eadt tr\u00ean di s\u1ea3n","og_description":"S\u00e1ng 30\/4, l\u1ec5 khai m\u1ea1c N\u00f3n L\u00e1 \u2013 Vietnam Festival 2025 \u0111\u00e3 di\u1ec5n ra v\u1edbi s\u1ef1 tham d\u1ef1 c\u1ee7a ng\u01b0\u1eddi d\u00e2n v\u00e0 ch\u00ednh quy\u1ec1n \u0111\u1ecba ph\u01b0\u01a1ng.","og_url":"https:\/\/mayshow.vn\/vi\/khai-mac-le-hoi-non-la-vietnam-festival-2025-hanh-trinh-nghe-thuat-tren-di-san\/","og_site_name":"MAY Heritage","article_publisher":"https:\/\/www.facebook.com\/mayheritagevn","article_published_time":"2025-04-30T12:44:14+00:00","article_modified_time":"2025-04-30T12:45:38+00:00","og_image":[{"url":"https:\/\/mayshow.vn\/wp-content\/uploads\/2025\/04\/khai-mac-scaled.png","width":1024,"height":640,"type":"image\/png"}],"author":"Nga Tran","twitter_card":"summary_large_image","twitter_misc":{"\u0110\u01b0\u1ee3c vi\u1ebft b\u1edfi":"Nga Tran","\u01af\u1edbc t\u00ednh th\u1eddi gian \u0111\u1ecdc":"4 ph\u00fat"},"schema":{"@context":"https:\/\/schema.org","@graph":[{"@type":"Article","@id":"https:\/\/mayshow.vn\/khai-mac-le-hoi-non-la-vietnam-festival-2025-hanh-trinh-nghe-thuat-tren-di-san\/#article","isPartOf":{"@id":"https:\/\/mayshow.vn\/khai-mac-le-hoi-non-la-vietnam-festival-2025-hanh-trinh-nghe-thuat-tren-di-san\/"},"author":{"name":"Nga Tran","@id":"https:\/\/mayshow.vn\/#\/schema\/person\/03ef4b18a962eb938041fd957b4c5a97"},"headline":"Khai m\u1ea1c l\u1ec5 h\u1ed9i \u201cN\u00f3n L\u00e1 \u2013 Vietnam Festival 2025\u201d: H\u00e0nh tr\u00ecnh ngh\u1ec7 thu\u1eadt tr\u00ean di s\u1ea3n","datePublished":"2025-04-30T12:44:14+00:00","dateModified":"2025-04-30T12:45:38+00:00","mainEntityOfPage":{"@id":"https:\/\/mayshow.vn\/khai-mac-le-hoi-non-la-vietnam-festival-2025-hanh-trinh-nghe-thuat-tren-di-san\/"},"wordCount":668,"publisher":{"@id":"https:\/\/mayshow.vn\/#organization"},"image":{"@id":"https:\/\/mayshow.vn\/khai-mac-le-hoi-non-la-vietnam-festival-2025-hanh-trinh-nghe-thuat-tren-di-san\/#primaryimage"},"thumbnailUrl":"https:\/\/mayshow.vn\/wp-content\/uploads\/2025\/04\/khai-mac-scaled.png","articleSection":["May Show"],"inLanguage":"vi"},{"@type":"WebPage","@id":"https:\/\/mayshow.vn\/khai-mac-le-hoi-non-la-vietnam-festival-2025-hanh-trinh-nghe-thuat-tren-di-san\/","url":"https:\/\/mayshow.vn\/khai-mac-le-hoi-non-la-vietnam-festival-2025-hanh-trinh-nghe-thuat-tren-di-san\/","name":"Khai m\u1ea1c l\u1ec5 h\u1ed9i \u201cN\u00f3n L\u00e1 \u2013 Vietnam Festival 2025\u201d: H\u00e0nh tr\u00ecnh ngh\u1ec7 thu\u1eadt tr\u00ean di s\u1ea3n","isPartOf":{"@id":"https:\/\/mayshow.vn\/#website"},"primaryImageOfPage":{"@id":"https:\/\/mayshow.vn\/khai-mac-le-hoi-non-la-vietnam-festival-2025-hanh-trinh-nghe-thuat-tren-di-san\/#primaryimage"},"image":{"@id":"https:\/\/mayshow.vn\/khai-mac-le-hoi-non-la-vietnam-festival-2025-hanh-trinh-nghe-thuat-tren-di-san\/#primaryimage"},"thumbnailUrl":"https:\/\/mayshow.vn\/wp-content\/uploads\/2025\/04\/khai-mac-scaled.png","datePublished":"2025-04-30T12:44:14+00:00","dateModified":"2025-04-30T12:45:38+00:00","description":"S\u00e1ng 30\/4, l\u1ec5 khai m\u1ea1c N\u00f3n L\u00e1 \u2013 Vietnam Festival 2025 \u0111\u00e3 di\u1ec5n ra v\u1edbi s\u1ef1 tham d\u1ef1 c\u1ee7a ng\u01b0\u1eddi d\u00e2n v\u00e0 ch\u00ednh quy\u1ec1n \u0111\u1ecba ph\u01b0\u01a1ng.","breadcrumb":{"@id":"https:\/\/mayshow.vn\/khai-mac-le-hoi-non-la-vietnam-festival-2025-hanh-trinh-nghe-thuat-tren-di-san\/#breadcrumb"},"inLanguage":"vi","potentialAction":[{"@type":"ReadAction","target":["https:\/\/mayshow.vn\/khai-mac-le-hoi-non-la-vietnam-festival-2025-hanh-trinh-nghe-thuat-tren-di-san\/"]}]},{"@type":"ImageObject","inLanguage":"vi","@id":"https:\/\/mayshow.vn\/khai-mac-le-hoi-non-la-vietnam-festival-2025-hanh-trinh-nghe-thuat-tren-di-san\/#primaryimage","url":"https:\/\/mayshow.vn\/wp-content\/uploads\/2025\/04\/khai-mac-scaled.png","contentUrl":"https:\/\/mayshow.vn\/wp-content\/uploads\/2025\/04\/khai-mac-scaled.png","width":2560,"height":1600},{"@type":"BreadcrumbList","@id":"https:\/\/mayshow.vn\/khai-mac-le-hoi-non-la-vietnam-festival-2025-hanh-trinh-nghe-thuat-tren-di-san\/#breadcrumb","itemListElement":[{"@type":"ListItem","position":1,"name":"Trang ch\u1ee7","item":"https:\/\/mayshow.vn\/"},{"@type":"ListItem","position":2,"name":"Khai m\u1ea1c l\u1ec5 h\u1ed9i \u201cN\u00f3n L\u00e1 \u2013 Vietnam Festival 2025\u201d: H\u00e0nh tr\u00ecnh ngh\u1ec7 thu\u1eadt tr\u00ean di s\u1ea3n"}]},{"@type":"WebSite","@id":"https:\/\/mayshow.vn\/#website","url":"https:\/\/mayshow.vn\/","name":"MAY Heritage","description":"Chu\u1ed7i ch\u01b0\u01a1ng tr\u00ecnh tr\u1ea3i nghi\u1ec7m \u00c2m Nh\u1ea1c - V\u0103n H\u00f3a - Du L\u1ecbch","publisher":{"@id":"https:\/\/mayshow.vn\/#organization"},"potentialAction":[{"@type":"SearchAction","target":{"@type":"EntryPoint","urlTemplate":"https:\/\/mayshow.vn\/?s={search_term_string}"},"query-input":{"@type":"PropertyValueSpecification","valueRequired":true,"valueName":"search_term_string"}}],"inLanguage":"vi"},{"@type":"Organization","@id":"https:\/\/mayshow.vn\/#organization","name":"MAY Heritage","url":"https:\/\/mayshow.vn\/","logo":{"@type":"ImageObject","inLanguage":"vi","@id":"https:\/\/mayshow.vn\/#\/schema\/logo\/image\/","url":"https:\/\/mayshow.vn\/wp-content\/uploads\/2025\/03\/AVT-2_resize.jpg","contentUrl":"https:\/\/mayshow.vn\/wp-content\/uploads\/2025\/03\/AVT-2_resize.jpg","width":450,"height":209,"caption":"MAY Heritage"},"image":{"@id":"https:\/\/mayshow.vn\/#\/schema\/logo\/image\/"},"sameAs":["https:\/\/www.facebook.com\/mayheritagevn","https:\/\/www.tiktok.com\/@mayshow.vn"]},{"@type":"Person","@id":"https:\/\/mayshow.vn\/#\/schema\/person\/03ef4b18a962eb938041fd957b4c5a97","name":"Nga Tran","image":{"@type":"ImageObject","inLanguage":"vi","@id":"https:\/\/mayshow.vn\/#\/schema\/person\/image\/","url":"https:\/\/secure.gravatar.com\/avatar\/6c90a41521e64ad3f29091aa8dea77260768c74bccf8295e302153afd471b8ae?s=96&d=https%3A%2F%2Fmayshow.vn%2Fwp-content%2Fuploads%2F2024%2F03%2Ffavi-icon.png&r=g","contentUrl":"https:\/\/secure.gravatar.com\/avatar\/6c90a41521e64ad3f29091aa8dea77260768c74bccf8295e302153afd471b8ae?s=96&d=https%3A%2F%2Fmayshow.vn%2Fwp-content%2Fuploads%2F2024%2F03%2Ffavi-icon.png&r=g","caption":"Nga Tran"},"url":"https:\/\/mayshow.vn\/vi\/author\/ngatran-backstagegmail-com\/"}]}},"_links":{"self":[{"href":"https:\/\/mayshow.vn\/vi\/wp-json\/wp\/v2\/posts\/35164","targetHints":{"allow":["GET"]}}],"collection":[{"href":"https:\/\/mayshow.vn\/vi\/wp-json\/wp\/v2\/posts"}],"about":[{"href":"https:\/\/mayshow.vn\/vi\/wp-json\/wp\/v2\/types\/post"}],"author":[{"embeddable":true,"href":"https:\/\/mayshow.vn\/vi\/wp-json\/wp\/v2\/users\/1708"}],"replies":[{"embeddable":true,"href":"https:\/\/mayshow.vn\/vi\/wp-json\/wp\/v2\/comments?post=35164"}],"version-history":[{"count":6,"href":"https:\/\/mayshow.vn\/vi\/wp-json\/wp\/v2\/posts\/35164\/revisions"}],"predecessor-version":[{"id":35269,"href":"https:\/\/mayshow.vn\/vi\/wp-json\/wp\/v2\/posts\/35164\/revisions\/35269"}],"wp:featuredmedia":[{"embeddable":true,"href":"https:\/\/mayshow.vn\/vi\/wp-json\/wp\/v2\/media\/35168"}],"wp:attachment":[{"href":"https:\/\/mayshow.vn\/vi\/wp-json\/wp\/v2\/media?parent=35164"}],"wp:term":[{"taxonomy":"category","embeddable":true,"href":"https:\/\/mayshow.vn\/vi\/wp-json\/wp\/v2\/categories?post=35164"},{"taxonomy":"post_tag","embeddable":true,"href":"https:\/\/mayshow.vn\/vi\/wp-json\/wp\/v2\/tags?post=35164"}],"curies":[{"name":"wp","href":"https:\/\/api.w.org\/{rel}","templated":true}]}}